{"id":6719,"date":"2022-03-07T00:02:13","date_gmt":"2022-03-06T23:02:13","guid":{"rendered":"http:\/\/www.judo-poznan.pl\/?p=6719"},"modified":"2022-03-07T00:11:16","modified_gmt":"2022-03-06T23:11:16","slug":"puchar-polski-juniorow-i-juniorek-mlodszych-piaseczno-5-03-2022r","status":"publish","type":"post","link":"https:\/\/www.judo-poznan.pl\/?p=6719","title":{"rendered":"Puchar Polski Junior\u00f3w i Juniorek M\u0142odszych \u2013 Piaseczno \u2013 5.03.2022r."},"content":{"rendered":"<p>W sobot\u0119 5 marca 2022r. odby\u0142 si\u0119 w Piasecznie Puchar Polski Junior\u00f3w i Juniorek M\u0142odszych, kt\u00f3rego organizatorem by\u0142 Polski Zwi\u0105zek Judo, Ministerstwo Sportu i Turystyki Warszawsko-Mazowiecki, Zwi\u0105zek Judo GOSiR Piaseczno i UKS Judo Ikizama. 354 zawodnik\u00f3w i zawodniczek z ponad 100 klub\u00f3w. W Pucharze wzi\u0119\u0142a czw\u00f3rka reprezentant\u00f3w Pozna\u0144skiego Klubu Sportowego Olimpia Oliwia Szafra\u0144ska (kat. wag. 63 kg), Jan Rogala (kat. wag. 73 kg), Adam Grze\u015bkowiak (kat. wag. 81 kg) i Marcin Jewtuch (kat. wag. 66 kg). Najlepiej wypad\u0142 z tej grupy wypad\u0142 Adam Grze\u015bkowiak, kt\u00f3ry w bardzo mocnej konkurencji zaj\u0105\u0142 5 miejsce. \u00a0Adam stoczy\u0142 5 walk z kt\u00f3rych 3 wygra\u0142 przez Ippon. Pozosta\u0142a tr\u00f3jka zako\u0144czy\u0142a sw\u00f3j udzia\u0142 w zawodach na etapie eliminacji. Trenerami zawodnik\u00f3w Olimpii s\u0105 Micha\u0142 Pokrywka, Maciej N\u0119dzyk i Mariusz Gro\u0144ski.<\/p>\n<p><a href=\"http:\/\/www.judo-poznan.pl\/wp-content\/uploads\/2022\/03\/IMG_20220305_192712.jpg\"><img decoding=\"async\" loading=\"lazy\" class=\"alignnone size-medium wp-image-6718\" src=\"http:\/\/www.judo-poznan.pl\/wp-content\/uploads\/2022\/03\/IMG_20220305_192712-300x225.jpg\" alt=\"IMG_20220305_192712\" width=\"300\" height=\"225\" srcset=\"https:\/\/www.judo-poznan.pl\/wp-content\/uploads\/2022\/03\/IMG_20220305_192712-300x225.jpg 300w, https:\/\/www.judo-poznan.pl\/wp-content\/uploads\/2022\/03\/IMG_20220305_192712-2048x1536.jpg 2048w\" sizes=\"(max-width: 300px) 100vw, 300px\" \/><\/a> <a href=\"http:\/\/www.judo-poznan.pl\/wp-content\/uploads\/2022\/03\/IMG_20220305_192711.jpg\"><img decoding=\"async\" loading=\"lazy\" class=\"alignnone size-medium wp-image-6717\" src=\"http:\/\/www.judo-poznan.pl\/wp-content\/uploads\/2022\/03\/IMG_20220305_192711-300x225.jpg\" alt=\"IMG_20220305_192711\" width=\"300\" height=\"225\" srcset=\"https:\/\/www.judo-poznan.pl\/wp-content\/uploads\/2022\/03\/IMG_20220305_192711-300x225.jpg 300w, https:\/\/www.judo-poznan.pl\/wp-content\/uploads\/2022\/03\/IMG_20220305_192711-2048x1536.jpg 2048w\" sizes=\"(max-width: 300px) 100vw, 300px\" \/><\/a> <a href=\"http:\/\/www.judo-poznan.pl\/wp-content\/uploads\/2022\/03\/IMG_20220305_170546.jpg\"><img decoding=\"async\" loading=\"lazy\" class=\"alignnone size-medium wp-image-6716\" src=\"http:\/\/www.judo-poznan.pl\/wp-content\/uploads\/2022\/03\/IMG_20220305_170546-300x225.jpg\" alt=\"IMG_20220305_170546\" width=\"300\" height=\"225\" srcset=\"https:\/\/www.judo-poznan.pl\/wp-content\/uploads\/2022\/03\/IMG_20220305_170546-300x225.jpg 300w, https:\/\/www.judo-poznan.pl\/wp-content\/uploads\/2022\/03\/IMG_20220305_170546-2048x1536.jpg 2048w\" sizes=\"(max-width: 300px) 100vw, 300px\" \/><\/a> <a href=\"http:\/\/www.judo-poznan.pl\/wp-content\/uploads\/2022\/03\/IMG_20220305_170504.jpg\"><img decoding=\"async\" loading=\"lazy\" class=\"alignnone size-medium wp-image-6715\" src=\"http:\/\/www.judo-poznan.pl\/wp-content\/uploads\/2022\/03\/IMG_20220305_170504-300x225.jpg\" alt=\"IMG_20220305_170504\" width=\"300\" height=\"225\" srcset=\"https:\/\/www.judo-poznan.pl\/wp-content\/uploads\/2022\/03\/IMG_20220305_170504-300x225.jpg 300w, https:\/\/www.judo-poznan.pl\/wp-content\/uploads\/2022\/03\/IMG_20220305_170504-2048x1536.jpg 2048w\" sizes=\"(max-width: 300px) 100vw, 300px\" \/><\/a> <a href=\"http:\/\/www.judo-poznan.pl\/wp-content\/uploads\/2022\/03\/IMG_20220305_170503.jpg\"><img decoding=\"async\" loading=\"lazy\" class=\"alignnone size-medium wp-image-6714\" src=\"http:\/\/www.judo-poznan.pl\/wp-content\/uploads\/2022\/03\/IMG_20220305_170503-300x225.jpg\" alt=\"IMG_20220305_170503\" width=\"300\" height=\"225\" srcset=\"https:\/\/www.judo-poznan.pl\/wp-content\/uploads\/2022\/03\/IMG_20220305_170503-300x225.jpg 300w, https:\/\/www.judo-poznan.pl\/wp-content\/uploads\/2022\/03\/IMG_20220305_170503-2048x1536.jpg 2048w\" sizes=\"(max-width: 300px) 100vw, 300px\" \/><\/a> <a href=\"http:\/\/www.judo-poznan.pl\/wp-content\/uploads\/2022\/03\/IMG_20220305_153803.jpg\"><img decoding=\"async\" loading=\"lazy\" class=\"alignnone size-medium wp-image-6713\" src=\"http:\/\/www.judo-poznan.pl\/wp-content\/uploads\/2022\/03\/IMG_20220305_153803-300x225.jpg\" alt=\"IMG_20220305_153803\" width=\"300\" height=\"225\" srcset=\"https:\/\/www.judo-poznan.pl\/wp-content\/uploads\/2022\/03\/IMG_20220305_153803-300x225.jpg 300w, https:\/\/www.judo-poznan.pl\/wp-content\/uploads\/2022\/03\/IMG_20220305_153803-2048x1536.jpg 2048w\" sizes=\"(max-width: 300px) 100vw, 300px\" \/><\/a> <a href=\"http:\/\/www.judo-poznan.pl\/wp-content\/uploads\/2022\/03\/IMG_20220305_153742.jpg\"><img decoding=\"async\" loading=\"lazy\" class=\"alignnone size-medium wp-image-6712\" src=\"http:\/\/www.judo-poznan.pl\/wp-content\/uploads\/2022\/03\/IMG_20220305_153742-300x225.jpg\" alt=\"IMG_20220305_153742\" width=\"300\" height=\"225\" srcset=\"https:\/\/www.judo-poznan.pl\/wp-content\/uploads\/2022\/03\/IMG_20220305_153742-300x225.jpg 300w, https:\/\/www.judo-poznan.pl\/wp-content\/uploads\/2022\/03\/IMG_20220305_153742-2048x1536.jpg 2048w\" sizes=\"(max-width: 300px) 100vw, 300px\" \/><\/a> <a href=\"http:\/\/www.judo-poznan.pl\/wp-content\/uploads\/2022\/03\/IMG_20220305_143510.jpg\"><img decoding=\"async\" loading=\"lazy\" class=\"alignnone size-medium wp-image-6711\" src=\"http:\/\/www.judo-poznan.pl\/wp-content\/uploads\/2022\/03\/IMG_20220305_143510-300x225.jpg\" alt=\"IMG_20220305_143510\" width=\"300\" height=\"225\" srcset=\"https:\/\/www.judo-poznan.pl\/wp-content\/uploads\/2022\/03\/IMG_20220305_143510-300x225.jpg 300w, https:\/\/www.judo-poznan.pl\/wp-content\/uploads\/2022\/03\/IMG_20220305_143510-2048x1536.jpg 2048w\" sizes=\"(max-width: 300px) 100vw, 300px\" \/><\/a><\/p>\n","protected":false},"excerpt":{"rendered":"<p>W sobot\u0119 5 marca 2022r. odby\u0142 si\u0119 w Piasecznie Puchar Polski Junior\u00f3w i Juniorek M\u0142odszych, kt\u00f3rego organizatorem by\u0142 Polski Zwi\u0105zek Judo, Ministerstwo Sportu i Turystyki Warszawsko-Mazowiecki, Zwi\u0105zek Judo GOSiR Piaseczno i UKS Judo Ikizama. 354 zawodnik\u00f3w i zawodniczek z ponad 100 klub\u00f3w. W Pucharze wzi\u0119\u0142a czw\u00f3rka reprezentant\u00f3w Pozna\u0144skiego Klubu Sportowego Olimpia Oliwia Szafra\u0144ska (kat. wag. [&hellip;]<\/p>\n","protected":false},"author":4,"featured_media":0,"comment_status":"closed","ping_status":"closed","sticky":false,"template":"","format":"standard","meta":[],"categories":[13],"tags":[],"_links":{"self":[{"href":"https:\/\/www.judo-poznan.pl\/index.php?rest_route=\/wp\/v2\/posts\/6719"}],"collection":[{"href":"https:\/\/www.judo-poznan.pl\/index.php?rest_route=\/wp\/v2\/posts"}],"about":[{"href":"https:\/\/www.judo-poznan.pl\/index.php?rest_route=\/wp\/v2\/types\/post"}],"author":[{"embeddable":true,"href":"https:\/\/www.judo-poznan.pl\/index.php?rest_route=\/wp\/v2\/users\/4"}],"replies":[{"embeddable":true,"href":"https:\/\/www.judo-poznan.pl\/index.php?rest_route=%2Fwp%2Fv2%2Fcomments&post=6719"}],"version-history":[{"count":1,"href":"https:\/\/www.judo-poznan.pl\/index.php?rest_route=\/wp\/v2\/posts\/6719\/revisions"}],"predecessor-version":[{"id":6720,"href":"https:\/\/www.judo-poznan.pl\/index.php?rest_route=\/wp\/v2\/posts\/6719\/revisions\/6720"}],"wp:attachment":[{"href":"https:\/\/www.judo-poznan.pl\/index.php?rest_route=%2Fwp%2Fv2%2Fmedia&parent=6719"}],"wp:term":[{"taxonomy":"category","embeddable":true,"href":"https:\/\/www.judo-poznan.pl\/index.php?rest_route=%2Fwp%2Fv2%2Fcategories&post=6719"},{"taxonomy":"post_tag","embeddable":true,"href":"https:\/\/www.judo-poznan.pl\/index.php?rest_route=%2Fwp%2Fv2%2Ftags&post=6719"}],"curies":[{"name":"wp","href":"https:\/\/api.w.org\/{rel}","templated":true}]}}