{"id":6920,"date":"2022-10-25T14:36:59","date_gmt":"2022-10-25T12:36:59","guid":{"rendered":"http:\/\/www.judo-poznan.pl\/?p=6920"},"modified":"2022-10-25T14:36:59","modified_gmt":"2022-10-25T12:36:59","slug":"66-mistrzostwa-polski-seniorow-i-seniorek-w-judo-warszawa-20-21-10-2022","status":"publish","type":"post","link":"https:\/\/www.judo-poznan.pl\/?p=6920","title":{"rendered":"66 Mistrzostwa Polski Senior\u00f3w i Seniorek w Judo &#8211; Warszawa &#8211; 20-21.10.2022"},"content":{"rendered":"<p style=\"text-align: justify;\">W dniach 20 i 21 pa\u017adziernika w Warszawie odby\u0142y si\u0119         . W \u015bwi\u0119cie polskiego judo wzi\u0119\u0142o udzia\u0142 145 zawodnik\u00f3w i 82 zawodniczki. Organizatorem Mistrzostw Polski by\u0142 Polski Zwi\u0105zek Judo i\u00a0 Warszawsko-Mazowiecki Zwi\u0105zek Judo, a partnerem organizacyjnym by\u0142o Ministerstwo Sportu i Turystyki. Zawody zosta\u0142y rozegrane w Hali Sportowej \u00a0OSiR \u2013 W\u0142ochy. W oficjalnym otwarciu zawod\u00f3w uczestniczyli przedstawiciele Ministerstwa Sportu i Turystyki, w\u0142adz Dzielnicy W\u0142ochy. Oficjalnego otwarcia Mistrzostw dokona\u0142 pan Jacek Zawadka Prezes Polskiego Zwi\u0105zku Judo. Przy okazji otwarcia grupa zawodnik\u00f3w i trener\u00f3w zosta\u0142a wyr\u00f3\u017cniona dyplomami Polskiego Zwi\u0105zku Judo za wyniki sportowe osi\u0105gnie w ostatnim okresie na zawodach rangi mistrzowskiej na poziomie europejskim i \u015bwiatowym.<\/p>\n<p style=\"text-align: justify;\">W Mistrzostwach Polski Senior\u00f3w wzi\u0119\u0142a dw\u00f3jka reprezentant\u00f3w Pozna\u0144skiego Klubu Sportowego\u00a0 Olimpia Karol Jewtuch i Micha\u0142 Gendera. <a href=\"https:\/\/www.facebook.com\/karol.jewtuch?__cft__%5b0%5d=AZUn4fsx96od1hK2qx54ogbybyQXQ-Itt_ErbD7wW4isSN84u97R64lTmBgWy9sVKwSv98s61d4hpDZf3ldHg6lMT39qREOjI4tk3WfJt3dpPN8TqYxNtAA-5wRSP-WLJxn8taE1M5-tYDS-Rv25lLm6TCENNTgiSFS6n_8IYmgLE-Hm4WEKIzL6GhvOd73zkiE&amp;__tn__=-%5dK-R\">Karol Jewtuch<\/a> po wygraniu 3 walk zaj\u0105\u0142 7 miejsce w kat. 90 kg. Niewiele zabrak\u0142o do walki o medale poniewa\u017c w \u0107wier\u0107finale nieznacznie uleg\u0142 przeciwnikowi w golden score. To du\u017cy sukces Karola kt\u00f3ry osi\u0105ga znakomite wyniki we wszystkich kategoriach wiekowych. Je\u017celi b\u0119d\u0105 go omija\u0107 kontuzje i uda si\u0119 porz\u0105dnie przepracowa\u0107 najbli\u017csze p\u00f3\u0142 roku to ma du\u017ce szanse na medal. W zawodach bra\u0142 udzia\u0142 tak\u017ce <a href=\"https:\/\/www.facebook.com\/profile.php?id=100000228005321&amp;__cft__%5b0%5d=AZUn4fsx96od1hK2qx54ogbybyQXQ-Itt_ErbD7wW4isSN84u97R64lTmBgWy9sVKwSv98s61d4hpDZf3ldHg6lMT39qREOjI4tk3WfJt3dpPN8TqYxNtAA-5wRSP-WLJxn8taE1M5-tYDS-Rv25lLm6TCENNTgiSFS6n_8IYmgLE-Hm4WEKIzL6GhvOd73zkiE&amp;__tn__=-%5dK-R\">Micha\u0142 Gendera<\/a> ale przegra\u0142 pierwsza walk\u0119 i nie uda\u0142o mu si\u0119 przebi\u0107 do repasa\u017cy. Gratulacje dla Micha\u0142a za wytrwa\u0142o\u015b\u0107 i sumienno\u015b\u0107. Kolejny rok <a href=\"https:\/\/www.facebook.com\/PKS.Olimpia?__cft__%5b0%5d=AZUn4fsx96od1hK2qx54ogbybyQXQ-Itt_ErbD7wW4isSN84u97R64lTmBgWy9sVKwSv98s61d4hpDZf3ldHg6lMT39qREOjI4tk3WfJt3dpPN8TqYxNtAA-5wRSP-WLJxn8taE1M5-tYDS-Rv25lLm6TCENNTgiSFS6n_8IYmgLE-Hm4WEKIzL6GhvOd73zkiE&amp;__tn__=-%5dK-R\">Pozna\u0144ski Klub Sportowy OLIMPIA<\/a> zaznaczy\u0142 swoj\u0105 obecno\u015b\u0107 na seniorskiej mapie Polski. Trzymajcie kciuki za dalsze sukcesy ju\u017c w przysz\u0142ym tygodniu Mistrzostwa Polski M\u0142odzik\u00f3w.<\/p>\n<p style=\"text-align: justify;\">(MP+MG)<\/p>\n<p style=\"text-align: justify;\">\n<p style=\"text-align: justify;\"><a href=\"http:\/\/www.judo-poznan.pl\/wp-content\/uploads\/2022\/10\/20221020_171112.jpg\"><img decoding=\"async\" loading=\"lazy\" class=\"alignnone size-medium wp-image-6918\" src=\"http:\/\/www.judo-poznan.pl\/wp-content\/uploads\/2022\/10\/20221020_171112-300x225.jpg\" alt=\"20221020_171112\" width=\"300\" height=\"225\" srcset=\"https:\/\/www.judo-poznan.pl\/wp-content\/uploads\/2022\/10\/20221020_171112-300x225.jpg 300w, https:\/\/www.judo-poznan.pl\/wp-content\/uploads\/2022\/10\/20221020_171112-2048x1536.jpg 2048w\" sizes=\"(max-width: 300px) 100vw, 300px\" \/><\/a> <a href=\"http:\/\/www.judo-poznan.pl\/wp-content\/uploads\/2022\/10\/20221020_171111.jpg\"><img decoding=\"async\" loading=\"lazy\" class=\"alignnone size-medium wp-image-6917\" src=\"http:\/\/www.judo-poznan.pl\/wp-content\/uploads\/2022\/10\/20221020_171111-300x225.jpg\" alt=\"20221020_171111\" width=\"300\" height=\"225\" srcset=\"https:\/\/www.judo-poznan.pl\/wp-content\/uploads\/2022\/10\/20221020_171111-300x225.jpg 300w, https:\/\/www.judo-poznan.pl\/wp-content\/uploads\/2022\/10\/20221020_171111-2048x1536.jpg 2048w\" sizes=\"(max-width: 300px) 100vw, 300px\" \/><\/a> <a href=\"http:\/\/www.judo-poznan.pl\/wp-content\/uploads\/2022\/10\/20221020_171002.jpg\"><img decoding=\"async\" loading=\"lazy\" class=\"alignnone size-medium wp-image-6916\" src=\"http:\/\/www.judo-poznan.pl\/wp-content\/uploads\/2022\/10\/20221020_171002-300x225.jpg\" alt=\"20221020_171002\" width=\"300\" height=\"225\" srcset=\"https:\/\/www.judo-poznan.pl\/wp-content\/uploads\/2022\/10\/20221020_171002-300x225.jpg 300w, https:\/\/www.judo-poznan.pl\/wp-content\/uploads\/2022\/10\/20221020_171002-2048x1536.jpg 2048w\" sizes=\"(max-width: 300px) 100vw, 300px\" \/><\/a> <a href=\"http:\/\/www.judo-poznan.pl\/wp-content\/uploads\/2022\/10\/20221020_170423.jpg\"><img decoding=\"async\" loading=\"lazy\" class=\"alignnone size-medium wp-image-6915\" src=\"http:\/\/www.judo-poznan.pl\/wp-content\/uploads\/2022\/10\/20221020_170423-300x225.jpg\" alt=\"20221020_170423\" width=\"300\" height=\"225\" srcset=\"https:\/\/www.judo-poznan.pl\/wp-content\/uploads\/2022\/10\/20221020_170423-300x225.jpg 300w, https:\/\/www.judo-poznan.pl\/wp-content\/uploads\/2022\/10\/20221020_170423-2048x1536.jpg 2048w\" sizes=\"(max-width: 300px) 100vw, 300px\" \/><\/a> <a href=\"http:\/\/www.judo-poznan.pl\/wp-content\/uploads\/2022\/10\/20221020_170152.jpg\"><img decoding=\"async\" loading=\"lazy\" class=\"alignnone size-medium wp-image-6914\" src=\"http:\/\/www.judo-poznan.pl\/wp-content\/uploads\/2022\/10\/20221020_170152-300x225.jpg\" alt=\"20221020_170152\" width=\"300\" height=\"225\" srcset=\"https:\/\/www.judo-poznan.pl\/wp-content\/uploads\/2022\/10\/20221020_170152-300x225.jpg 300w, https:\/\/www.judo-poznan.pl\/wp-content\/uploads\/2022\/10\/20221020_170152-2048x1536.jpg 2048w\" sizes=\"(max-width: 300px) 100vw, 300px\" \/><\/a> <a href=\"http:\/\/www.judo-poznan.pl\/wp-content\/uploads\/2022\/10\/20221020_170123.jpg\"><img decoding=\"async\" loading=\"lazy\" class=\"alignnone size-medium wp-image-6913\" src=\"http:\/\/www.judo-poznan.pl\/wp-content\/uploads\/2022\/10\/20221020_170123-300x225.jpg\" alt=\"20221020_170123\" width=\"300\" height=\"225\" srcset=\"https:\/\/www.judo-poznan.pl\/wp-content\/uploads\/2022\/10\/20221020_170123-300x225.jpg 300w, https:\/\/www.judo-poznan.pl\/wp-content\/uploads\/2022\/10\/20221020_170123-2048x1536.jpg 2048w\" sizes=\"(max-width: 300px) 100vw, 300px\" \/><\/a> <a href=\"http:\/\/www.judo-poznan.pl\/wp-content\/uploads\/2022\/10\/20221020_170116.jpg\"><img decoding=\"async\" loading=\"lazy\" class=\"alignnone size-medium wp-image-6912\" src=\"http:\/\/www.judo-poznan.pl\/wp-content\/uploads\/2022\/10\/20221020_170116-300x225.jpg\" alt=\"20221020_170116\" width=\"300\" height=\"225\" srcset=\"https:\/\/www.judo-poznan.pl\/wp-content\/uploads\/2022\/10\/20221020_170116-300x225.jpg 300w, https:\/\/www.judo-poznan.pl\/wp-content\/uploads\/2022\/10\/20221020_170116-2048x1536.jpg 2048w\" sizes=\"(max-width: 300px) 100vw, 300px\" \/><\/a> <a href=\"http:\/\/www.judo-poznan.pl\/wp-content\/uploads\/2022\/10\/20221021_100800.jpg\"><img decoding=\"async\" loading=\"lazy\" class=\"alignnone size-medium wp-image-6919\" src=\"http:\/\/www.judo-poznan.pl\/wp-content\/uploads\/2022\/10\/20221021_100800-300x225.jpg\" alt=\"20221021_100800\" width=\"300\" height=\"225\" srcset=\"https:\/\/www.judo-poznan.pl\/wp-content\/uploads\/2022\/10\/20221021_100800-300x225.jpg 300w, https:\/\/www.judo-poznan.pl\/wp-content\/uploads\/2022\/10\/20221021_100800-2048x1536.jpg 2048w\" sizes=\"(max-width: 300px) 100vw, 300px\" \/><\/a> <a href=\"http:\/\/www.judo-poznan.pl\/wp-content\/uploads\/2022\/10\/20221020_131948.jpg\"><img decoding=\"async\" loading=\"lazy\" class=\"alignnone size-medium wp-image-6911\" src=\"http:\/\/www.judo-poznan.pl\/wp-content\/uploads\/2022\/10\/20221020_131948-300x225.jpg\" alt=\"20221020_131948\" width=\"300\" height=\"225\" srcset=\"https:\/\/www.judo-poznan.pl\/wp-content\/uploads\/2022\/10\/20221020_131948-300x225.jpg 300w, https:\/\/www.judo-poznan.pl\/wp-content\/uploads\/2022\/10\/20221020_131948-2048x1536.jpg 2048w\" sizes=\"(max-width: 300px) 100vw, 300px\" \/><\/a><\/p>\n","protected":false},"excerpt":{"rendered":"<p>W dniach 20 i 21 pa\u017adziernika w Warszawie odby\u0142y si\u0119 . W \u015bwi\u0119cie polskiego judo wzi\u0119\u0142o udzia\u0142 145 zawodnik\u00f3w i 82 zawodniczki. Organizatorem Mistrzostw Polski by\u0142 Polski Zwi\u0105zek Judo i\u00a0 Warszawsko-Mazowiecki Zwi\u0105zek Judo, a partnerem organizacyjnym by\u0142o Ministerstwo Sportu i Turystyki. Zawody zosta\u0142y rozegrane w Hali Sportowej \u00a0OSiR \u2013 W\u0142ochy. W oficjalnym otwarciu zawod\u00f3w uczestniczyli [&hellip;]<\/p>\n","protected":false},"author":4,"featured_media":6919,"comment_status":"closed","ping_status":"closed","sticky":false,"template":"","format":"standard","meta":[],"categories":[13],"tags":[],"_links":{"self":[{"href":"https:\/\/www.judo-poznan.pl\/index.php?rest_route=\/wp\/v2\/posts\/6920"}],"collection":[{"href":"https:\/\/www.judo-poznan.pl\/index.php?rest_route=\/wp\/v2\/posts"}],"about":[{"href":"https:\/\/www.judo-poznan.pl\/index.php?rest_route=\/wp\/v2\/types\/post"}],"author":[{"embeddable":true,"href":"https:\/\/www.judo-poznan.pl\/index.php?rest_route=\/wp\/v2\/users\/4"}],"replies":[{"embeddable":true,"href":"https:\/\/www.judo-poznan.pl\/index.php?rest_route=%2Fwp%2Fv2%2Fcomments&post=6920"}],"version-history":[{"count":1,"href":"https:\/\/www.judo-poznan.pl\/index.php?rest_route=\/wp\/v2\/posts\/6920\/revisions"}],"predecessor-version":[{"id":6921,"href":"https:\/\/www.judo-poznan.pl\/index.php?rest_route=\/wp\/v2\/posts\/6920\/revisions\/6921"}],"wp:featuredmedia":[{"embeddable":true,"href":"https:\/\/www.judo-poznan.pl\/index.php?rest_route=\/wp\/v2\/media\/6919"}],"wp:attachment":[{"href":"https:\/\/www.judo-poznan.pl\/index.php?rest_route=%2Fwp%2Fv2%2Fmedia&parent=6920"}],"wp:term":[{"taxonomy":"category","embeddable":true,"href":"https:\/\/www.judo-poznan.pl\/index.php?rest_route=%2Fwp%2Fv2%2Fcategories&post=6920"},{"taxonomy":"post_tag","embeddable":true,"href":"https:\/\/www.judo-poznan.pl\/index.php?rest_route=%2Fwp%2Fv2%2Ftags&post=6920"}],"curies":[{"name":"wp","href":"https:\/\/api.w.org\/{rel}","templated":true}]}}