{"id":7099,"date":"2023-01-06T21:00:39","date_gmt":"2023-01-06T20:00:39","guid":{"rendered":"http:\/\/www.judo-poznan.pl\/?p=7099"},"modified":"2023-01-06T21:10:49","modified_gmt":"2023-01-06T20:10:49","slug":"nowa-grupa-judo-dzieci-i-mlodziezy-w-poznanskim-klubie-sportowym-olimpia","status":"publish","type":"post","link":"https:\/\/www.judo-poznan.pl\/?p=7099","title":{"rendered":"Nowa grupa judo dzieci i m\u0142odzie\u017cy w Pozna\u0144skim Klubie Sportowym Olimpia"},"content":{"rendered":"<p style=\"text-align: justify;\"><strong>Pozna\u0144ski Klub Sportowy Olimpia informuje, \u017ce utworzy\u0142 grup\u0119 treningow\u0105 przeznaczon\u0105 dla \u00a0zawodnik\u00f3w i zawodniczek w kategorii wiekowej pocz\u0105tkuj\u0105cej junior m\u0142odszy (2007-2008), m\u0142odzik (2009-2010) i dzieci starszych (2011-2012). Grupa zosta\u0142a utworzona z zawodnik\u00f3w i zawodniczek trenuj\u0105cej w grupach trener\u00f3w Grzegorza Fiutki i Mariusza Gro\u0144skiego. Obecnie trenerami prowadz\u0105cymi grup\u0119 jest Maciej N\u0119dzyk przy wsparciu Mariusza Gro\u0144skiego. Celem grupy jest konsolidacja w jednym zespole aktywnej m\u0142odzie\u017cy nastawionej na rozw\u00f3j sportowy. Treningi tej grupy odbywaj\u0105 si\u0119 w Szkole Podstawowej 106 przy\u00a0 ulicy\u00a0\u00a0 Janickiego 22, w\u00a0 nast\u0119puj\u0105ce dni tygodnia: poniedzia\u0142ki, \u015brody i pi\u0105tki w godzinach 16.45 do 18.00. Trenerzy zapraszaj\u0105 zainteresowanych zawodnik\u00f3w i zawodniczki do uczestnictwa w treningach w tym zespole. W przypadku zainteresowania treningami informacji udzielaj\u0105 trenerzy Maciej N\u0119dzyk\u00a0 tel. 514-471-159\u00a0 i Mariusz Gro\u0144ski tel. 601-288-351.<\/strong><\/p>\n<p><a href=\"http:\/\/www.judo-poznan.pl\/wp-content\/uploads\/2023\/01\/IMG_32351.jpg\"><img decoding=\"async\" loading=\"lazy\" class=\"alignnone size-medium wp-image-7094\" src=\"http:\/\/www.judo-poznan.pl\/wp-content\/uploads\/2023\/01\/IMG_32351-300x225.jpg\" alt=\"IMG_32351\" width=\"300\" height=\"225\" srcset=\"https:\/\/www.judo-poznan.pl\/wp-content\/uploads\/2023\/01\/IMG_32351-300x225.jpg 300w, https:\/\/www.judo-poznan.pl\/wp-content\/uploads\/2023\/01\/IMG_32351.jpg 1280w\" sizes=\"(max-width: 300px) 100vw, 300px\" \/><\/a> <a href=\"http:\/\/www.judo-poznan.pl\/wp-content\/uploads\/2023\/01\/20230104_180405.jpg\"><img decoding=\"async\" loading=\"lazy\" class=\"alignnone size-medium wp-image-7093\" src=\"http:\/\/www.judo-poznan.pl\/wp-content\/uploads\/2023\/01\/20230104_180405-300x225.jpg\" alt=\"20230104_180405\" width=\"300\" height=\"225\" srcset=\"https:\/\/www.judo-poznan.pl\/wp-content\/uploads\/2023\/01\/20230104_180405-300x225.jpg 300w, https:\/\/www.judo-poznan.pl\/wp-content\/uploads\/2023\/01\/20230104_180405-2048x1536.jpg 2048w\" sizes=\"(max-width: 300px) 100vw, 300px\" \/><\/a> <a href=\"http:\/\/www.judo-poznan.pl\/wp-content\/uploads\/2023\/01\/20230104_180315.jpg\"><img decoding=\"async\" loading=\"lazy\" class=\"alignnone size-medium wp-image-7092\" src=\"http:\/\/www.judo-poznan.pl\/wp-content\/uploads\/2023\/01\/20230104_180315-300x225.jpg\" alt=\"20230104_180315\" width=\"300\" height=\"225\" srcset=\"https:\/\/www.judo-poznan.pl\/wp-content\/uploads\/2023\/01\/20230104_180315-300x225.jpg 300w, https:\/\/www.judo-poznan.pl\/wp-content\/uploads\/2023\/01\/20230104_180315-2048x1536.jpg 2048w\" sizes=\"(max-width: 300px) 100vw, 300px\" \/><\/a> <a href=\"http:\/\/www.judo-poznan.pl\/wp-content\/uploads\/2023\/01\/20230104_180310.jpg\"><img decoding=\"async\" loading=\"lazy\" class=\"alignnone size-medium wp-image-7091\" src=\"http:\/\/www.judo-poznan.pl\/wp-content\/uploads\/2023\/01\/20230104_180310-300x225.jpg\" alt=\"20230104_180310\" width=\"300\" height=\"225\" srcset=\"https:\/\/www.judo-poznan.pl\/wp-content\/uploads\/2023\/01\/20230104_180310-300x225.jpg 300w, https:\/\/www.judo-poznan.pl\/wp-content\/uploads\/2023\/01\/20230104_180310-2048x1536.jpg 2048w\" sizes=\"(max-width: 300px) 100vw, 300px\" \/><\/a> <a href=\"http:\/\/www.judo-poznan.pl\/wp-content\/uploads\/2023\/01\/20230104_175251.jpg\"><img decoding=\"async\" loading=\"lazy\" class=\"alignnone size-medium wp-image-7090\" src=\"http:\/\/www.judo-poznan.pl\/wp-content\/uploads\/2023\/01\/20230104_175251-300x225.jpg\" alt=\"20230104_175251\" width=\"300\" height=\"225\" srcset=\"https:\/\/www.judo-poznan.pl\/wp-content\/uploads\/2023\/01\/20230104_175251-300x225.jpg 300w, https:\/\/www.judo-poznan.pl\/wp-content\/uploads\/2023\/01\/20230104_175251-2048x1536.jpg 2048w\" sizes=\"(max-width: 300px) 100vw, 300px\" \/><\/a> <a href=\"http:\/\/www.judo-poznan.pl\/wp-content\/uploads\/2023\/01\/20230104_175211.jpg\"><img decoding=\"async\" loading=\"lazy\" class=\"alignnone size-medium wp-image-7089\" src=\"http:\/\/www.judo-poznan.pl\/wp-content\/uploads\/2023\/01\/20230104_175211-300x225.jpg\" alt=\"20230104_175211\" width=\"300\" height=\"225\" srcset=\"https:\/\/www.judo-poznan.pl\/wp-content\/uploads\/2023\/01\/20230104_175211-300x225.jpg 300w, https:\/\/www.judo-poznan.pl\/wp-content\/uploads\/2023\/01\/20230104_175211-2048x1536.jpg 2048w\" sizes=\"(max-width: 300px) 100vw, 300px\" \/><\/a> <a href=\"http:\/\/www.judo-poznan.pl\/wp-content\/uploads\/2023\/01\/20230104_175206.jpg\"><img decoding=\"async\" loading=\"lazy\" class=\"alignnone size-medium wp-image-7088\" src=\"http:\/\/www.judo-poznan.pl\/wp-content\/uploads\/2023\/01\/20230104_175206-300x225.jpg\" alt=\"20230104_175206\" width=\"300\" height=\"225\" srcset=\"https:\/\/www.judo-poznan.pl\/wp-content\/uploads\/2023\/01\/20230104_175206-300x225.jpg 300w, https:\/\/www.judo-poznan.pl\/wp-content\/uploads\/2023\/01\/20230104_175206-2048x1536.jpg 2048w\" sizes=\"(max-width: 300px) 100vw, 300px\" \/><\/a> <a href=\"http:\/\/www.judo-poznan.pl\/wp-content\/uploads\/2023\/01\/20230104_175201.jpg\"><img decoding=\"async\" loading=\"lazy\" class=\"alignnone size-medium wp-image-7087\" src=\"http:\/\/www.judo-poznan.pl\/wp-content\/uploads\/2023\/01\/20230104_175201-300x225.jpg\" alt=\"20230104_175201\" width=\"300\" height=\"225\" srcset=\"https:\/\/www.judo-poznan.pl\/wp-content\/uploads\/2023\/01\/20230104_175201-300x225.jpg 300w, https:\/\/www.judo-poznan.pl\/wp-content\/uploads\/2023\/01\/20230104_175201-2048x1536.jpg 2048w\" sizes=\"(max-width: 300px) 100vw, 300px\" \/><\/a> <a href=\"http:\/\/www.judo-poznan.pl\/wp-content\/uploads\/2023\/01\/20221230_170219.jpg\"><img decoding=\"async\" loading=\"lazy\" class=\"alignnone size-medium wp-image-7086\" src=\"http:\/\/www.judo-poznan.pl\/wp-content\/uploads\/2023\/01\/20221230_170219-300x225.jpg\" alt=\"20221230_170219\" width=\"300\" height=\"225\" srcset=\"https:\/\/www.judo-poznan.pl\/wp-content\/uploads\/2023\/01\/20221230_170219-300x225.jpg 300w, https:\/\/www.judo-poznan.pl\/wp-content\/uploads\/2023\/01\/20221230_170219-2048x1536.jpg 2048w\" sizes=\"(max-width: 300px) 100vw, 300px\" \/><\/a> <a href=\"http:\/\/www.judo-poznan.pl\/wp-content\/uploads\/2023\/01\/20221230_170210.jpg\"><img decoding=\"async\" loading=\"lazy\" class=\"alignnone size-medium wp-image-7085\" src=\"http:\/\/www.judo-poznan.pl\/wp-content\/uploads\/2023\/01\/20221230_170210-300x225.jpg\" alt=\"20221230_170210\" width=\"300\" height=\"225\" srcset=\"https:\/\/www.judo-poznan.pl\/wp-content\/uploads\/2023\/01\/20221230_170210-300x225.jpg 300w, https:\/\/www.judo-poznan.pl\/wp-content\/uploads\/2023\/01\/20221230_170210-2048x1536.jpg 2048w\" sizes=\"(max-width: 300px) 100vw, 300px\" \/><\/a> <a href=\"http:\/\/www.judo-poznan.pl\/wp-content\/uploads\/2023\/01\/20221230_165918.jpg\"><img decoding=\"async\" loading=\"lazy\" class=\"alignnone size-medium wp-image-7084\" src=\"http:\/\/www.judo-poznan.pl\/wp-content\/uploads\/2023\/01\/20221230_165918-300x225.jpg\" alt=\"20221230_165918\" width=\"300\" height=\"225\" srcset=\"https:\/\/www.judo-poznan.pl\/wp-content\/uploads\/2023\/01\/20221230_165918-300x225.jpg 300w, https:\/\/www.judo-poznan.pl\/wp-content\/uploads\/2023\/01\/20221230_165918-2048x1536.jpg 2048w\" sizes=\"(max-width: 300px) 100vw, 300px\" \/><\/a> <a href=\"http:\/\/www.judo-poznan.pl\/wp-content\/uploads\/2023\/01\/IMG_37401.jpg\"><img decoding=\"async\" loading=\"lazy\" class=\"alignnone size-medium wp-image-7096\" src=\"http:\/\/www.judo-poznan.pl\/wp-content\/uploads\/2023\/01\/IMG_37401-300x225.jpg\" alt=\"IMG_37401\" width=\"300\" height=\"225\" srcset=\"https:\/\/www.judo-poznan.pl\/wp-content\/uploads\/2023\/01\/IMG_37401-300x225.jpg 300w, https:\/\/www.judo-poznan.pl\/wp-content\/uploads\/2023\/01\/IMG_37401.jpg 480w\" sizes=\"(max-width: 300px) 100vw, 300px\" \/><\/a><a href=\"http:\/\/www.judo-poznan.pl\/wp-content\/uploads\/2023\/01\/IMG_37421.jpg\"><img decoding=\"async\" loading=\"lazy\" class=\"alignnone size-medium wp-image-7097\" src=\"http:\/\/www.judo-poznan.pl\/wp-content\/uploads\/2023\/01\/IMG_37421-300x225.jpg\" alt=\"IMG_37421\" width=\"300\" height=\"225\" srcset=\"https:\/\/www.judo-poznan.pl\/wp-content\/uploads\/2023\/01\/IMG_37421-300x225.jpg 300w, https:\/\/www.judo-poznan.pl\/wp-content\/uploads\/2023\/01\/IMG_37421.jpg 1024w\" sizes=\"(max-width: 300px) 100vw, 300px\" \/><\/a> <a href=\"http:\/\/www.judo-poznan.pl\/wp-content\/uploads\/2023\/01\/IMG_373911.jpg\"><img decoding=\"async\" loading=\"lazy\" class=\"alignnone size-medium wp-image-7095\" src=\"http:\/\/www.judo-poznan.pl\/wp-content\/uploads\/2023\/01\/IMG_373911-300x225.jpg\" alt=\"IMG_37391(1)\" width=\"300\" height=\"225\" srcset=\"https:\/\/www.judo-poznan.pl\/wp-content\/uploads\/2023\/01\/IMG_373911-300x225.jpg 300w, https:\/\/www.judo-poznan.pl\/wp-content\/uploads\/2023\/01\/IMG_373911.jpg 320w\" sizes=\"(max-width: 300px) 100vw, 300px\" \/><\/a><\/p>\n<p><a href=\"http:\/\/www.judo-poznan.pl\/wp-content\/uploads\/2023\/01\/IMG_37441.jpg\"><img decoding=\"async\" loading=\"lazy\" class=\"alignnone size-medium wp-image-7098\" src=\"http:\/\/www.judo-poznan.pl\/wp-content\/uploads\/2023\/01\/IMG_37441-225x300.jpg\" alt=\"IMG_37441\" width=\"225\" height=\"300\" srcset=\"https:\/\/www.judo-poznan.pl\/wp-content\/uploads\/2023\/01\/IMG_37441-225x300.jpg 225w, https:\/\/www.judo-poznan.pl\/wp-content\/uploads\/2023\/01\/IMG_37441.jpg 360w\" sizes=\"(max-width: 225px) 100vw, 225px\" \/><\/a><\/p>\n<p>&nbsp;<\/p>\n<p>&nbsp;<\/p>\n","protected":false},"excerpt":{"rendered":"<p>Pozna\u0144ski Klub Sportowy Olimpia informuje, \u017ce utworzy\u0142 grup\u0119 treningow\u0105 przeznaczon\u0105 dla \u00a0zawodnik\u00f3w i zawodniczek w kategorii wiekowej pocz\u0105tkuj\u0105cej junior m\u0142odszy (2007-2008), m\u0142odzik (2009-2010) i dzieci starszych (2011-2012). Grupa zosta\u0142a utworzona z zawodnik\u00f3w i zawodniczek trenuj\u0105cej w grupach trener\u00f3w Grzegorza Fiutki i Mariusza Gro\u0144skiego. Obecnie trenerami prowadz\u0105cymi grup\u0119 jest Maciej N\u0119dzyk przy wsparciu Mariusza Gro\u0144skiego. Celem [&hellip;]<\/p>\n","protected":false},"author":4,"featured_media":0,"comment_status":"closed","ping_status":"closed","sticky":false,"template":"","format":"standard","meta":[],"categories":[13],"tags":[],"_links":{"self":[{"href":"https:\/\/www.judo-poznan.pl\/index.php?rest_route=\/wp\/v2\/posts\/7099"}],"collection":[{"href":"https:\/\/www.judo-poznan.pl\/index.php?rest_route=\/wp\/v2\/posts"}],"about":[{"href":"https:\/\/www.judo-poznan.pl\/index.php?rest_route=\/wp\/v2\/types\/post"}],"author":[{"embeddable":true,"href":"https:\/\/www.judo-poznan.pl\/index.php?rest_route=\/wp\/v2\/users\/4"}],"replies":[{"embeddable":true,"href":"https:\/\/www.judo-poznan.pl\/index.php?rest_route=%2Fwp%2Fv2%2Fcomments&post=7099"}],"version-history":[{"count":3,"href":"https:\/\/www.judo-poznan.pl\/index.php?rest_route=\/wp\/v2\/posts\/7099\/revisions"}],"predecessor-version":[{"id":7102,"href":"https:\/\/www.judo-poznan.pl\/index.php?rest_route=\/wp\/v2\/posts\/7099\/revisions\/7102"}],"wp:attachment":[{"href":"https:\/\/www.judo-poznan.pl\/index.php?rest_route=%2Fwp%2Fv2%2Fmedia&parent=7099"}],"wp:term":[{"taxonomy":"category","embeddable":true,"href":"https:\/\/www.judo-poznan.pl\/index.php?rest_route=%2Fwp%2Fv2%2Fcategories&post=7099"},{"taxonomy":"post_tag","embeddable":true,"href":"https:\/\/www.judo-poznan.pl\/index.php?rest_route=%2Fwp%2Fv2%2Ftags&post=7099"}],"curies":[{"name":"wp","href":"https:\/\/api.w.org\/{rel}","templated":true}]}}