{"id":7310,"date":"2023-04-25T10:18:41","date_gmt":"2023-04-25T08:18:41","guid":{"rendered":"http:\/\/www.judo-poznan.pl\/?p=7310"},"modified":"2023-04-25T10:18:41","modified_gmt":"2023-04-25T08:18:41","slug":"mistrzostwa-wielkopolski-szkol-podstawowych-w-judo-poznan-23-04-2023r","status":"publish","type":"post","link":"https:\/\/www.judo-poznan.pl\/?p=7310","title":{"rendered":"Mistrzostwa Wielkopolski Szk\u00f3\u0142 Podstawowych w Judo &#8211; Pozna\u0144 &#8211; 23.04.2023r. &#8211;"},"content":{"rendered":"<p><strong>W niedziel\u0119 23 kwietnia oby\u0142y si\u0119 w Poznaniu Mistrzostwa Wielkopolski Szk\u00f3\u0142 Podstawowych, kt\u00f3rych organizatorem by\u0142 Okr\u0119gowy Zwi\u0105zek Judo w Poznaniu. Mistrzostwa zosta\u0142y zorganizowane w czterech\u00a0 grupach wiekowych U9 (2016-2015), U11 (2014-2013), U13 (2012-2011), U15 (2010-2009-20008). W zawodach uczestniczy\u0142o 375 zawodniczek i zawodnik\u00f3w z blisko 90 szk\u00f3\u0142 podstawowych reprezentuj\u0105cych 24 Uczniowskie Kluby Sportowe i pozosta\u0142e Kluby Sportowe Judo z wielkopolski.<\/strong><\/p>\n<p><strong>Pozna\u0144ski Klub Sportowy Olimpia reprezentowa\u0142o 18 zawodniczek i zawodnik\u00f3w:<\/strong><\/p>\n<ol>\n<li><strong>Alicja Kulczy\u0144ska \u2013 U15 \u2013 I m w kat. wag. 44 kg<\/strong><\/li>\n<li><strong>Kacper Liberski \u2013 U9 \u2013 I m w kat. wag. M-02<\/strong><\/li>\n<li><strong>Adam Kemnitz- U9 \u2013 I m w kat. wag. M-05<\/strong><\/li>\n<li><strong>Jakub Leonarski \u2013 U15 \u2013 II m w kat. wag. 73 kg<\/strong><\/li>\n<li><strong>Maksymilian Walczak \u2013 U13 \u2013 II m w kat. wag. 73 kg<\/strong><\/li>\n<li><strong>Iga B\u0142och \u2013 U13 \u2013 II m w kat. wag. 36 kg<\/strong><\/li>\n<li><strong>Micha\u0142 Krajecki \u2013 U9 \u2013 II m w kat. wag. M-03<\/strong><\/li>\n<li><strong>Alicja Grzesi\u0144ska \u2013 U13 \u2013 II w kat. wag. 33 kg<\/strong><\/li>\n<li><strong>Aleksander W\u00f3jcik \u2013 U9 \u2013 II m w kat. wag. M-05<\/strong><\/li>\n<li><strong>Adrian Drajerczak \u2013 U13 \u2013 III m w kat. wag. 39 kg<\/strong><\/li>\n<li><strong>Mateusz Zwada \u2013 U15 \u2013 V m w kat. wag. 46 kg<\/strong><\/li>\n<li><strong>Maksymilian P\u0119karski U15 V m w kat. wag. 66 kg<\/strong><\/li>\n<li><strong>Natalia \u0141awniczak \u2013 U15 \u2013 V m w kat. wag. 52 kg<\/strong><\/li>\n<li><strong>Wojciech Bedy\u0144ski \u2013 U13 \u2013 V m w kat. wag. 39 kg<\/strong><\/li>\n<li><strong>Daniel Zanoz \u2013 U13 \u2013 VII m w kat. wag. 60 kg<\/strong><\/li>\n<li><strong>Cesar Tomasz \u2013 U13 \u2013 IX m w kat. wag. 46 kg<\/strong><\/li>\n<li><strong>Jarema Krysztoforski \u2013 U11 \u2013 VII m w kat. wag 30 kg<\/strong><\/li>\n<li><strong>Olaf Krysztoforski \u2013 U9 \u2013 VII m w kat. wag. M-05<\/strong><\/li>\n<\/ol>\n<p><strong>Trenerami reprezentant\u00f3w Olimpii s\u0105 Agnieszka Kuleczka, Tomasz Liberski, Maciej N\u0119dzyk, Grzegorz Fiutka i Mariusz Gro\u0144ski<\/strong><\/p>\n<p><a href=\"http:\/\/www.judo-poznan.pl\/wp-content\/uploads\/2023\/04\/20230423_165744.jpg\"><img decoding=\"async\" loading=\"lazy\" class=\"alignnone size-medium wp-image-7309\" src=\"http:\/\/www.judo-poznan.pl\/wp-content\/uploads\/2023\/04\/20230423_165744-300x225.jpg\" alt=\"20230423_165744\" width=\"300\" height=\"225\" srcset=\"https:\/\/www.judo-poznan.pl\/wp-content\/uploads\/2023\/04\/20230423_165744-300x225.jpg 300w, https:\/\/www.judo-poznan.pl\/wp-content\/uploads\/2023\/04\/20230423_165744-2048x1536.jpg 2048w\" sizes=\"(max-width: 300px) 100vw, 300px\" \/><\/a> <a href=\"http:\/\/www.judo-poznan.pl\/wp-content\/uploads\/2023\/04\/20230423_160402.jpg\"><img decoding=\"async\" loading=\"lazy\" class=\"alignnone size-medium wp-image-7308\" src=\"http:\/\/www.judo-poznan.pl\/wp-content\/uploads\/2023\/04\/20230423_160402-300x225.jpg\" alt=\"20230423_160402\" width=\"300\" height=\"225\" srcset=\"https:\/\/www.judo-poznan.pl\/wp-content\/uploads\/2023\/04\/20230423_160402-300x225.jpg 300w, https:\/\/www.judo-poznan.pl\/wp-content\/uploads\/2023\/04\/20230423_160402-2048x1536.jpg 2048w\" sizes=\"(max-width: 300px) 100vw, 300px\" \/><\/a> <a href=\"http:\/\/www.judo-poznan.pl\/wp-content\/uploads\/2023\/04\/20230423_1535470.jpg\"><img decoding=\"async\" loading=\"lazy\" class=\"alignnone size-medium wp-image-7307\" src=\"http:\/\/www.judo-poznan.pl\/wp-content\/uploads\/2023\/04\/20230423_1535470-300x225.jpg\" alt=\"20230423_153547(0)\" width=\"300\" height=\"225\" srcset=\"https:\/\/www.judo-poznan.pl\/wp-content\/uploads\/2023\/04\/20230423_1535470-300x225.jpg 300w, https:\/\/www.judo-poznan.pl\/wp-content\/uploads\/2023\/04\/20230423_1535470-2048x1536.jpg 2048w\" sizes=\"(max-width: 300px) 100vw, 300px\" \/><\/a> <a href=\"http:\/\/www.judo-poznan.pl\/wp-content\/uploads\/2023\/04\/20230423_152204.jpg\"><img decoding=\"async\" loading=\"lazy\" class=\"alignnone size-medium wp-image-7306\" src=\"http:\/\/www.judo-poznan.pl\/wp-content\/uploads\/2023\/04\/20230423_152204-300x225.jpg\" alt=\"20230423_152204\" width=\"300\" height=\"225\" srcset=\"https:\/\/www.judo-poznan.pl\/wp-content\/uploads\/2023\/04\/20230423_152204-300x225.jpg 300w, https:\/\/www.judo-poznan.pl\/wp-content\/uploads\/2023\/04\/20230423_152204-2048x1536.jpg 2048w\" sizes=\"(max-width: 300px) 100vw, 300px\" \/><\/a><\/p>\n","protected":false},"excerpt":{"rendered":"<p>W niedziel\u0119 23 kwietnia oby\u0142y si\u0119 w Poznaniu Mistrzostwa Wielkopolski Szk\u00f3\u0142 Podstawowych, kt\u00f3rych organizatorem by\u0142 Okr\u0119gowy Zwi\u0105zek Judo w Poznaniu. Mistrzostwa zosta\u0142y zorganizowane w czterech\u00a0 grupach wiekowych U9 (2016-2015), U11 (2014-2013), U13 (2012-2011), U15 (2010-2009-20008). W zawodach uczestniczy\u0142o 375 zawodniczek i zawodnik\u00f3w z blisko 90 szk\u00f3\u0142 podstawowych reprezentuj\u0105cych 24 Uczniowskie Kluby Sportowe i pozosta\u0142e Kluby [&hellip;]<\/p>\n","protected":false},"author":4,"featured_media":0,"comment_status":"closed","ping_status":"closed","sticky":false,"template":"","format":"standard","meta":[],"categories":[1],"tags":[],"_links":{"self":[{"href":"https:\/\/www.judo-poznan.pl\/index.php?rest_route=\/wp\/v2\/posts\/7310"}],"collection":[{"href":"https:\/\/www.judo-poznan.pl\/index.php?rest_route=\/wp\/v2\/posts"}],"about":[{"href":"https:\/\/www.judo-poznan.pl\/index.php?rest_route=\/wp\/v2\/types\/post"}],"author":[{"embeddable":true,"href":"https:\/\/www.judo-poznan.pl\/index.php?rest_route=\/wp\/v2\/users\/4"}],"replies":[{"embeddable":true,"href":"https:\/\/www.judo-poznan.pl\/index.php?rest_route=%2Fwp%2Fv2%2Fcomments&post=7310"}],"version-history":[{"count":1,"href":"https:\/\/www.judo-poznan.pl\/index.php?rest_route=\/wp\/v2\/posts\/7310\/revisions"}],"predecessor-version":[{"id":7311,"href":"https:\/\/www.judo-poznan.pl\/index.php?rest_route=\/wp\/v2\/posts\/7310\/revisions\/7311"}],"wp:attachment":[{"href":"https:\/\/www.judo-poznan.pl\/index.php?rest_route=%2Fwp%2Fv2%2Fmedia&parent=7310"}],"wp:term":[{"taxonomy":"category","embeddable":true,"href":"https:\/\/www.judo-poznan.pl\/index.php?rest_route=%2Fwp%2Fv2%2Fcategories&post=7310"},{"taxonomy":"post_tag","embeddable":true,"href":"https:\/\/www.judo-poznan.pl\/index.php?rest_route=%2Fwp%2Fv2%2Ftags&post=7310"}],"curies":[{"name":"wp","href":"https:\/\/api.w.org\/{rel}","templated":true}]}}