{"id":7325,"date":"2023-06-19T08:36:46","date_gmt":"2023-06-19T06:36:46","guid":{"rendered":"http:\/\/www.judo-poznan.pl\/?p=7325"},"modified":"2023-06-19T08:36:46","modified_gmt":"2023-06-19T06:36:46","slug":"karol-jewtuch-i-marcin-jewtuch-wyroznieni-na-gali-sportu-w-gminie-pobiedziska-za-rok-2022","status":"publish","type":"post","link":"https:\/\/www.judo-poznan.pl\/?p=7325","title":{"rendered":"Karol Jewtuch i Marcin Jewtuch  wyr\u00f3\u017cnieni na Gali Sportu w Gminie Pobiedziska za rok 2022"},"content":{"rendered":"<p>W czwartek, 15 czerwca na scenie Pobiedziskiego O\u015brodka Kultury odby\u0142a si\u0119 Gala Sportu, czyli spotkanie z najlepszymi sportowcami gminy Pobiedziska w roku 2022. Tegoroczn\u0105 Gal\u0119 Sportu poprowadzili \u00a0Joanna Horodko Dyrektor Pobiedziskiego O\u015brodka Kultury oraz \u00a0Dyrektor O\u015brodka Sportu i Rekreacji w Pobiedziskach Jakub Walig\u00f3ra. Do Burmistrza wp\u0142yn\u0119\u0142o 56 wniosk\u00f3w, kt\u00f3re Rada Sportu po wielogodzinnych obradach zaopiniowa\u0142a pozytywnie. \u00a0Burmistrz Miasta i Gminy Pobiedziska Ireneusz Antkowiak, jego zast\u0119pca Artur Ostatkiewicz oraz przewodnicz\u0105cy Rady Sportu Piotr Wala pogratulowali sportowcom oraz wr\u0119czyli im nagrody. W \u015br\u00f3d wyr\u00f3\u017cnionych sportowc\u00f3w byli tak\u017ce zawodnicy Pozna\u0144skiego Klubu Sportowego Olimpia Pozna\u0144 Karol Jewtuch i Marcin Jewtuch. Karol otrzyma\u0142 wyr\u00f3\u017cnienie za zdobycie br\u0105zowego medalu w 2022 roku w Mistrzostwach Polski M\u0142odzie\u017cy w kategorii wagowej 100 kg i Marcin Jewtuch za zdobycie w 2022 roku I miejsca w Mistrzostwach Wielkopolski w kategorii wagowej 66 kg. Trenerami wyr\u00f3\u017cnionych zawodnik\u00f3w s\u0105 Micha\u0142 Pokrywka i Mariusz Gro\u0144ski. (MG)<\/p>\n<p>(<a href=\"http:\/\/www.judo-poznan.pl\/wp-content\/uploads\/2023\/06\/Gala-Sportu-2023-0378.jpg\"><img decoding=\"async\" loading=\"lazy\" class=\"alignnone size-medium wp-image-7320\" src=\"http:\/\/www.judo-poznan.pl\/wp-content\/uploads\/2023\/06\/Gala-Sportu-2023-0378-300x199.jpg\" alt=\"Gala-Sportu-2023-0378\" width=\"300\" height=\"199\" srcset=\"https:\/\/www.judo-poznan.pl\/wp-content\/uploads\/2023\/06\/Gala-Sportu-2023-0378-300x199.jpg 300w, https:\/\/www.judo-poznan.pl\/wp-content\/uploads\/2023\/06\/Gala-Sportu-2023-0378.jpg 1949w\" sizes=\"(max-width: 300px) 100vw, 300px\" \/><\/a> <a href=\"http:\/\/www.judo-poznan.pl\/wp-content\/uploads\/2023\/06\/Gala-Sportu-2023-0393.jpg\"><img decoding=\"async\" loading=\"lazy\" class=\"alignnone size-medium wp-image-7321\" src=\"http:\/\/www.judo-poznan.pl\/wp-content\/uploads\/2023\/06\/Gala-Sportu-2023-0393-300x199.jpg\" alt=\"Gala-Sportu-2023-0393\" width=\"300\" height=\"199\" srcset=\"https:\/\/www.judo-poznan.pl\/wp-content\/uploads\/2023\/06\/Gala-Sportu-2023-0393-300x199.jpg 300w, https:\/\/www.judo-poznan.pl\/wp-content\/uploads\/2023\/06\/Gala-Sportu-2023-0393.jpg 1949w\" sizes=\"(max-width: 300px) 100vw, 300px\" \/><\/a> <a href=\"http:\/\/www.judo-poznan.pl\/wp-content\/uploads\/2023\/06\/Gala-Sportu-2023-0486.jpg\"><img decoding=\"async\" loading=\"lazy\" class=\"alignnone size-medium wp-image-7322\" src=\"http:\/\/www.judo-poznan.pl\/wp-content\/uploads\/2023\/06\/Gala-Sportu-2023-0486-300x206.jpg\" alt=\"Gala-Sportu-2023-0486\" width=\"300\" height=\"206\" srcset=\"https:\/\/www.judo-poznan.pl\/wp-content\/uploads\/2023\/06\/Gala-Sportu-2023-0486-300x206.jpg 300w, https:\/\/www.judo-poznan.pl\/wp-content\/uploads\/2023\/06\/Gala-Sportu-2023-0486.jpg 1887w\" sizes=\"(max-width: 300px) 100vw, 300px\" \/><\/a> <a href=\"http:\/\/www.judo-poznan.pl\/wp-content\/uploads\/2023\/06\/Gala-Sportu-2023-0487.jpg\"><img decoding=\"async\" loading=\"lazy\" class=\"alignnone size-medium wp-image-7323\" src=\"http:\/\/www.judo-poznan.pl\/wp-content\/uploads\/2023\/06\/Gala-Sportu-2023-0487-300x217.jpg\" alt=\"Gala-Sportu-2023-0487\" width=\"300\" height=\"217\" srcset=\"https:\/\/www.judo-poznan.pl\/wp-content\/uploads\/2023\/06\/Gala-Sportu-2023-0487-300x217.jpg 300w, https:\/\/www.judo-poznan.pl\/wp-content\/uploads\/2023\/06\/Gala-Sportu-2023-0487.jpg 1795w\" sizes=\"(max-width: 300px) 100vw, 300px\" \/><\/a> <a href=\"http:\/\/www.judo-poznan.pl\/wp-content\/uploads\/2023\/06\/Gala-Sportu-2023-0507.jpg\"><img decoding=\"async\" loading=\"lazy\" class=\"alignnone size-medium wp-image-7324\" src=\"http:\/\/www.judo-poznan.pl\/wp-content\/uploads\/2023\/06\/Gala-Sportu-2023-0507-300x157.jpg\" alt=\"Gala-Sportu-2023-0507\" width=\"300\" height=\"157\" srcset=\"https:\/\/www.judo-poznan.pl\/wp-content\/uploads\/2023\/06\/Gala-Sportu-2023-0507-300x157.jpg 300w, https:\/\/www.judo-poznan.pl\/wp-content\/uploads\/2023\/06\/Gala-Sportu-2023-0507-2048x1073.jpg 2048w\" sizes=\"(max-width: 300px) 100vw, 300px\" \/><\/a><\/p>\n","protected":false},"excerpt":{"rendered":"<p>W czwartek, 15 czerwca na scenie Pobiedziskiego O\u015brodka Kultury odby\u0142a si\u0119 Gala Sportu, czyli spotkanie z najlepszymi sportowcami gminy Pobiedziska w roku 2022. Tegoroczn\u0105 Gal\u0119 Sportu poprowadzili \u00a0Joanna Horodko Dyrektor Pobiedziskiego O\u015brodka Kultury oraz \u00a0Dyrektor O\u015brodka Sportu i Rekreacji w Pobiedziskach Jakub Walig\u00f3ra. Do Burmistrza wp\u0142yn\u0119\u0142o 56 wniosk\u00f3w, kt\u00f3re Rada Sportu po wielogodzinnych obradach zaopiniowa\u0142a [&hellip;]<\/p>\n","protected":false},"author":4,"featured_media":7324,"comment_status":"closed","ping_status":"closed","sticky":false,"template":"","format":"standard","meta":[],"categories":[13],"tags":[],"_links":{"self":[{"href":"https:\/\/www.judo-poznan.pl\/index.php?rest_route=\/wp\/v2\/posts\/7325"}],"collection":[{"href":"https:\/\/www.judo-poznan.pl\/index.php?rest_route=\/wp\/v2\/posts"}],"about":[{"href":"https:\/\/www.judo-poznan.pl\/index.php?rest_route=\/wp\/v2\/types\/post"}],"author":[{"embeddable":true,"href":"https:\/\/www.judo-poznan.pl\/index.php?rest_route=\/wp\/v2\/users\/4"}],"replies":[{"embeddable":true,"href":"https:\/\/www.judo-poznan.pl\/index.php?rest_route=%2Fwp%2Fv2%2Fcomments&post=7325"}],"version-history":[{"count":1,"href":"https:\/\/www.judo-poznan.pl\/index.php?rest_route=\/wp\/v2\/posts\/7325\/revisions"}],"predecessor-version":[{"id":7326,"href":"https:\/\/www.judo-poznan.pl\/index.php?rest_route=\/wp\/v2\/posts\/7325\/revisions\/7326"}],"wp:featuredmedia":[{"embeddable":true,"href":"https:\/\/www.judo-poznan.pl\/index.php?rest_route=\/wp\/v2\/media\/7324"}],"wp:attachment":[{"href":"https:\/\/www.judo-poznan.pl\/index.php?rest_route=%2Fwp%2Fv2%2Fmedia&parent=7325"}],"wp:term":[{"taxonomy":"category","embeddable":true,"href":"https:\/\/www.judo-poznan.pl\/index.php?rest_route=%2Fwp%2Fv2%2Fcategories&post=7325"},{"taxonomy":"post_tag","embeddable":true,"href":"https:\/\/www.judo-poznan.pl\/index.php?rest_route=%2Fwp%2Fv2%2Ftags&post=7325"}],"curies":[{"name":"wp","href":"https:\/\/api.w.org\/{rel}","templated":true}]}}