{"id":7349,"date":"2023-08-01T01:14:43","date_gmt":"2023-07-31T23:14:43","guid":{"rendered":"http:\/\/www.judo-poznan.pl\/?p=7349"},"modified":"2023-08-01T01:14:43","modified_gmt":"2023-07-31T23:14:43","slug":"informacja-o-zakonczeniu-wspolpracy","status":"publish","type":"post","link":"https:\/\/www.judo-poznan.pl\/?p=7349","title":{"rendered":"Informacja o zako\u0144czeniu wsp\u00f3\u0142pracy"},"content":{"rendered":"<p>Zarz\u0105d Pozna\u0144skiego Klubu Sportowego Olimpia informuje, \u017ce w miesi\u0105cu lipcu\u00a0 trener Tomasz Liberski zako\u0144czy\u0142 wsp\u00f3\u0142prac\u0119 z Klubem.<\/p>\n","protected":false},"excerpt":{"rendered":"<p>Zarz\u0105d Pozna\u0144skiego Klubu Sportowego Olimpia informuje, \u017ce w miesi\u0105cu lipcu\u00a0 trener Tomasz Liberski zako\u0144czy\u0142 wsp\u00f3\u0142prac\u0119 z Klubem.<\/p>\n","protected":false},"author":4,"featured_media":0,"comment_status":"closed","ping_status":"closed","sticky":false,"template":"","format":"standard","meta":[],"categories":[13],"tags":[],"_links":{"self":[{"href":"https:\/\/www.judo-poznan.pl\/index.php?rest_route=\/wp\/v2\/posts\/7349"}],"collection":[{"href":"https:\/\/www.judo-poznan.pl\/index.php?rest_route=\/wp\/v2\/posts"}],"about":[{"href":"https:\/\/www.judo-poznan.pl\/index.php?rest_route=\/wp\/v2\/types\/post"}],"author":[{"embeddable":true,"href":"https:\/\/www.judo-poznan.pl\/index.php?rest_route=\/wp\/v2\/users\/4"}],"replies":[{"embeddable":true,"href":"https:\/\/www.judo-poznan.pl\/index.php?rest_route=%2Fwp%2Fv2%2Fcomments&post=7349"}],"version-history":[{"count":1,"href":"https:\/\/www.judo-poznan.pl\/index.php?rest_route=\/wp\/v2\/posts\/7349\/revisions"}],"predecessor-version":[{"id":7350,"href":"https:\/\/www.judo-poznan.pl\/index.php?rest_route=\/wp\/v2\/posts\/7349\/revisions\/7350"}],"wp:attachment":[{"href":"https:\/\/www.judo-poznan.pl\/index.php?rest_route=%2Fwp%2Fv2%2Fmedia&parent=7349"}],"wp:term":[{"taxonomy":"category","embeddable":true,"href":"https:\/\/www.judo-poznan.pl\/index.php?rest_route=%2Fwp%2Fv2%2Fcategories&post=7349"},{"taxonomy":"post_tag","embeddable":true,"href":"https:\/\/www.judo-poznan.pl\/index.php?rest_route=%2Fwp%2Fv2%2Ftags&post=7349"}],"curies":[{"name":"wp","href":"https:\/\/api.w.org\/{rel}","templated":true}]}}