{"id":7428,"date":"2023-10-23T12:01:55","date_gmt":"2023-10-23T10:01:55","guid":{"rendered":"http:\/\/www.judo-poznan.pl\/?p=7428"},"modified":"2023-10-23T12:01:55","modified_gmt":"2023-10-23T10:01:55","slug":"poznanski-klub-sportowy-olimpia-informuje-ze-w-dniu-dzisiejszym-po-ciezkiej-chorobie-odszedl-od-nas-janusz-radtke","status":"publish","type":"post","link":"https:\/\/www.judo-poznan.pl\/?p=7428","title":{"rendered":"Pozna\u0144ski Klub Sportowy Olimpia informuje, \u017ce w dniu dzisiejszym po ci\u0119\u017ckiej chorobie odszed\u0142 od nas Janusz Radtke."},"content":{"rendered":"<p>Pozna\u0144ski Klub Sportowy Olimpia informuje, \u017ce w dniu dzisiejszym po ci\u0119\u017ckiej chorobie odszed\u0142 od nas Janusz Radtke (1949-2023). Wieloletni trener i dzia\u0142acz Sekcji Judo Olimpii Pozna\u0144. Zwi\u0105zany z Olimpi\u0105 od lat siedemdziesi\u0105tych ubieg\u0142ego wieku do dnia dzisiejszego. By\u0142 wychowawc\u0105 wielu pokole\u0144 judok\u00f3w i judoczek Olimpii osi\u0105gaj\u0105cych wysokie wyniki sportowe.<\/p>\n<p>Rodzinie sk\u0142adamy kondolencje.<br \/>\nJanusz spoczywaj w pokoju.<\/p>\n","protected":false},"excerpt":{"rendered":"<p>Pozna\u0144ski Klub Sportowy Olimpia informuje, \u017ce w dniu dzisiejszym po ci\u0119\u017ckiej chorobie odszed\u0142 od nas Janusz Radtke (1949-2023). Wieloletni trener i dzia\u0142acz Sekcji Judo Olimpii Pozna\u0144. Zwi\u0105zany z Olimpi\u0105 od lat siedemdziesi\u0105tych ubieg\u0142ego wieku do dnia dzisiejszego. By\u0142 wychowawc\u0105 wielu pokole\u0144 judok\u00f3w i judoczek Olimpii osi\u0105gaj\u0105cych wysokie wyniki sportowe. Rodzinie sk\u0142adamy kondolencje. Janusz spoczywaj w [&hellip;]<\/p>\n","protected":false},"author":4,"featured_media":7427,"comment_status":"closed","ping_status":"closed","sticky":false,"template":"","format":"standard","meta":[],"categories":[13],"tags":[],"_links":{"self":[{"href":"https:\/\/www.judo-poznan.pl\/index.php?rest_route=\/wp\/v2\/posts\/7428"}],"collection":[{"href":"https:\/\/www.judo-poznan.pl\/index.php?rest_route=\/wp\/v2\/posts"}],"about":[{"href":"https:\/\/www.judo-poznan.pl\/index.php?rest_route=\/wp\/v2\/types\/post"}],"author":[{"embeddable":true,"href":"https:\/\/www.judo-poznan.pl\/index.php?rest_route=\/wp\/v2\/users\/4"}],"replies":[{"embeddable":true,"href":"https:\/\/www.judo-poznan.pl\/index.php?rest_route=%2Fwp%2Fv2%2Fcomments&post=7428"}],"version-history":[{"count":1,"href":"https:\/\/www.judo-poznan.pl\/index.php?rest_route=\/wp\/v2\/posts\/7428\/revisions"}],"predecessor-version":[{"id":7429,"href":"https:\/\/www.judo-poznan.pl\/index.php?rest_route=\/wp\/v2\/posts\/7428\/revisions\/7429"}],"wp:featuredmedia":[{"embeddable":true,"href":"https:\/\/www.judo-poznan.pl\/index.php?rest_route=\/wp\/v2\/media\/7427"}],"wp:attachment":[{"href":"https:\/\/www.judo-poznan.pl\/index.php?rest_route=%2Fwp%2Fv2%2Fmedia&parent=7428"}],"wp:term":[{"taxonomy":"category","embeddable":true,"href":"https:\/\/www.judo-poznan.pl\/index.php?rest_route=%2Fwp%2Fv2%2Fcategories&post=7428"},{"taxonomy":"post_tag","embeddable":true,"href":"https:\/\/www.judo-poznan.pl\/index.php?rest_route=%2Fwp%2Fv2%2Ftags&post=7428"}],"curies":[{"name":"wp","href":"https:\/\/api.w.org\/{rel}","templated":true}]}}