{"id":7519,"date":"2024-11-28T22:50:23","date_gmt":"2024-11-28T21:50:23","guid":{"rendered":"http:\/\/www.judo-poznan.pl\/?p=7519"},"modified":"2024-11-29T07:59:58","modified_gmt":"2024-11-29T06:59:58","slug":"ze-smutkiem-zawiadamiamy-o-smierci-czeslawa-kura-1943-2024","status":"publish","type":"post","link":"https:\/\/www.judo-poznan.pl\/?p=7519","title":{"rendered":"Ze smutkiem zawiadamiamy o \u015bmierci Czes\u0142awa Kura (1943-2024)"},"content":{"rendered":"<p style=\"text-align: center;\"><a href=\"http:\/\/www.judo-poznan.pl\/wp-content\/uploads\/2024\/11\/ccc-2.png\"><img decoding=\"async\" loading=\"lazy\" class=\"alignnone size-medium wp-image-7524\" src=\"http:\/\/www.judo-poznan.pl\/wp-content\/uploads\/2024\/11\/ccc-2-268x300.png\" alt=\"ccc (2)\" width=\"268\" height=\"300\" srcset=\"https:\/\/www.judo-poznan.pl\/wp-content\/uploads\/2024\/11\/ccc-2-268x300.png 268w, https:\/\/www.judo-poznan.pl\/wp-content\/uploads\/2024\/11\/ccc-2.png 666w\" sizes=\"(max-width: 268px) 100vw, 268px\" \/><\/a><\/p>\n<p>Znakomitego przed laty judoki, a potem trenera i dzia\u0142acza, wychowacy wielu trener\u00f3w Olimpii Pozna\u0144. Posiadacza stopnia mistrzowskiego judo 8 dan. Jego najwi\u0119kszymi sukcesami w karierze by\u0142y dwa br\u0105zowe medale mistrzostw Europy (1968, 1969 w kategorii 70 kg). W tej samej kategorii zdoby\u0142 tak\u017ce wicemistrzostwo Polski w 1968 roku oraz trzy br\u0105zowe medale mistrzostw Polski (1966, 1967, 1969). Reprezentowa\u0142 barwy Gwardii Koszalin i Wybrze\u017ca Gda\u0144sk. W latach 1976-1991 pracowa\u0142 jako trener w Olimpii Pozna\u0144, gdzie jego najbardziej znanym zawodnikiem by\u0142 Jacek Beutler (mistrz Polski i olimpijczyk w Seulu), w latach 1991-1995 pracowa\u0142 jako szkoleniowiec du\u0144skiej reprezentacji judo kobiet i m\u0119\u017cczyzn, a nast\u0119pnie wr\u00f3ci\u0142 do Olimpii. Od 1985 do 1988 roku by\u0142 cz\u0142onkiem Zarz\u0105du Polskiego Zwi\u0105zku Judo. Od ponad 50 lat prowadzi\u0142 treningi judo we wszystkich grupach wiekowych, przez wiele lat opiekowa\u0142 si\u0119 kadr\u0105 Wielkopolski w judo. Dba\u0142 o bezpiecze\u0144stwo i wszechstronny rozw\u00f3j zawodnik\u00f3w, ale r\u00f3wnie\u017c zwraca\u0142 uwag\u0119 na ich wychowanie oraz edukacj\u0119 pozasportow\u0105.<\/p>\n<p>&nbsp;<\/p>\n<p>Zarz\u0105d Pozna\u0144skiego Klubu Sportowego OLIMPIA sk\u0142ada rodzinie Czes\u0142awa Kura szczere kondolencje oraz wsp\u00f3\u0142czucia z powodu straty m\u0119\u017ca, ojca, brata.<\/p>\n","protected":false},"excerpt":{"rendered":"<p>Znakomitego przed laty judoki, a potem trenera i dzia\u0142acza, wychowacy wielu trener\u00f3w Olimpii Pozna\u0144. Posiadacza stopnia mistrzowskiego judo 8 dan. Jego najwi\u0119kszymi sukcesami w karierze by\u0142y dwa br\u0105zowe medale mistrzostw Europy (1968, 1969 w kategorii 70 kg). W tej samej kategorii zdoby\u0142 tak\u017ce wicemistrzostwo Polski w 1968 roku oraz trzy br\u0105zowe medale mistrzostw Polski (1966, [&hellip;]<\/p>\n","protected":false},"author":4,"featured_media":0,"comment_status":"closed","ping_status":"closed","sticky":false,"template":"","format":"standard","meta":[],"categories":[13],"tags":[],"_links":{"self":[{"href":"https:\/\/www.judo-poznan.pl\/index.php?rest_route=\/wp\/v2\/posts\/7519"}],"collection":[{"href":"https:\/\/www.judo-poznan.pl\/index.php?rest_route=\/wp\/v2\/posts"}],"about":[{"href":"https:\/\/www.judo-poznan.pl\/index.php?rest_route=\/wp\/v2\/types\/post"}],"author":[{"embeddable":true,"href":"https:\/\/www.judo-poznan.pl\/index.php?rest_route=\/wp\/v2\/users\/4"}],"replies":[{"embeddable":true,"href":"https:\/\/www.judo-poznan.pl\/index.php?rest_route=%2Fwp%2Fv2%2Fcomments&post=7519"}],"version-history":[{"count":4,"href":"https:\/\/www.judo-poznan.pl\/index.php?rest_route=\/wp\/v2\/posts\/7519\/revisions"}],"predecessor-version":[{"id":7525,"href":"https:\/\/www.judo-poznan.pl\/index.php?rest_route=\/wp\/v2\/posts\/7519\/revisions\/7525"}],"wp:attachment":[{"href":"https:\/\/www.judo-poznan.pl\/index.php?rest_route=%2Fwp%2Fv2%2Fmedia&parent=7519"}],"wp:term":[{"taxonomy":"category","embeddable":true,"href":"https:\/\/www.judo-poznan.pl\/index.php?rest_route=%2Fwp%2Fv2%2Fcategories&post=7519"},{"taxonomy":"post_tag","embeddable":true,"href":"https:\/\/www.judo-poznan.pl\/index.php?rest_route=%2Fwp%2Fv2%2Ftags&post=7519"}],"curies":[{"name":"wp","href":"https:\/\/api.w.org\/{rel}","templated":true}]}}