{"id":7545,"date":"2024-11-01T18:27:03","date_gmt":"2024-11-01T17:27:03","guid":{"rendered":"http:\/\/www.judo-poznan.pl\/?p=7545"},"modified":"2024-12-08T18:39:28","modified_gmt":"2024-12-08T17:39:28","slug":"adam-grzeskowiak-brazowym-medalista-mistrzostw-polski-juniorow-u20-w-bytomiu-2-11-2024r","status":"publish","type":"post","link":"https:\/\/www.judo-poznan.pl\/?p=7545","title":{"rendered":"Adam Grze\u015bkowiak br\u0105zowym medalist\u0105 Mistrzostw Polski Junior\u00f3w \u2013 U20 w Bytomiu \u2013 2.11.2024r."},"content":{"rendered":"<p>W dniu 2 listopada odby\u0142y si\u0119 w Bytomiu Mistrzostwa Polski Junior\u00f3w U20. Organizatorem Mistrzostw Polski by\u0142 Polski Zwi\u0105zek Judo i GKS Czarni Bytom przy wsparciu Ministerstwa Sportu i Turystyki, Urz\u0119du Marsza\u0142kowskiego Wojew\u00f3dztwa \u015al\u0105skiego i Urz\u0119du Miasta Bytom. W mistrzostwach uczestniczy\u0142o 241 zawodnik\u00f3w i zawodniczek z 81 klub\u00f3w judo. Pozna\u0144ski Klub Sportowy Olimpia reprezentowa\u0142 Adam Grze\u015bkowiak w kategorii wagowej 90 kg. Adam po zaci\u0119tych walkach eliminacyjnych zaj\u0105\u0142 w mistrzostwach 3 miejsce. Adam Grze\u015bkowiak jest wychowankiem trener\u00f3w Micha\u0142a Pokrywki, Macieja N\u0119dzyka i Mariusz Gro\u0144skiego.<\/p>\n<p>&nbsp;<\/p>\n<p>&nbsp;<\/p>\n<p>&nbsp;<\/p>\n<p><a href=\"http:\/\/www.judo-poznan.pl\/wp-content\/uploads\/2024\/12\/20241102_163005.jpg\"><img decoding=\"async\" loading=\"lazy\" class=\"alignnone size-medium wp-image-7527\" src=\"http:\/\/www.judo-poznan.pl\/wp-content\/uploads\/2024\/12\/20241102_163005-300x225.jpg\" alt=\"20241102_163005\" width=\"300\" height=\"225\" srcset=\"https:\/\/www.judo-poznan.pl\/wp-content\/uploads\/2024\/12\/20241102_163005-300x225.jpg 300w, https:\/\/www.judo-poznan.pl\/wp-content\/uploads\/2024\/12\/20241102_163005-2048x1536.jpg 2048w\" sizes=\"(max-width: 300px) 100vw, 300px\" \/><\/a> <a href=\"http:\/\/www.judo-poznan.pl\/wp-content\/uploads\/2024\/12\/20241102_163019.jpg\"><img decoding=\"async\" loading=\"lazy\" class=\"alignnone size-medium wp-image-7528\" src=\"http:\/\/www.judo-poznan.pl\/wp-content\/uploads\/2024\/12\/20241102_163019-300x225.jpg\" alt=\"20241102_163019\" width=\"300\" height=\"225\" srcset=\"https:\/\/www.judo-poznan.pl\/wp-content\/uploads\/2024\/12\/20241102_163019-300x225.jpg 300w, https:\/\/www.judo-poznan.pl\/wp-content\/uploads\/2024\/12\/20241102_163019-2048x1536.jpg 2048w\" sizes=\"(max-width: 300px) 100vw, 300px\" \/><\/a> <a href=\"http:\/\/www.judo-poznan.pl\/wp-content\/uploads\/2024\/12\/20241102_163057.jpg\"><img decoding=\"async\" loading=\"lazy\" class=\"alignnone size-medium wp-image-7529\" src=\"http:\/\/www.judo-poznan.pl\/wp-content\/uploads\/2024\/12\/20241102_163057-300x225.jpg\" alt=\"20241102_163057\" width=\"300\" height=\"225\" srcset=\"https:\/\/www.judo-poznan.pl\/wp-content\/uploads\/2024\/12\/20241102_163057-300x225.jpg 300w, https:\/\/www.judo-poznan.pl\/wp-content\/uploads\/2024\/12\/20241102_163057-2048x1536.jpg 2048w\" sizes=\"(max-width: 300px) 100vw, 300px\" \/><\/a>ieja<\/p>\n","protected":false},"excerpt":{"rendered":"<p>W dniu 2 listopada odby\u0142y si\u0119 w Bytomiu Mistrzostwa Polski Junior\u00f3w U20. Organizatorem Mistrzostw Polski by\u0142 Polski Zwi\u0105zek Judo i GKS Czarni Bytom przy wsparciu Ministerstwa Sportu i Turystyki, Urz\u0119du Marsza\u0142kowskiego Wojew\u00f3dztwa \u015al\u0105skiego i Urz\u0119du Miasta Bytom. W mistrzostwach uczestniczy\u0142o 241 zawodnik\u00f3w i zawodniczek z 81 klub\u00f3w judo. Pozna\u0144ski Klub Sportowy Olimpia reprezentowa\u0142 Adam Grze\u015bkowiak [&hellip;]<\/p>\n","protected":false},"author":4,"featured_media":7527,"comment_status":"closed","ping_status":"closed","sticky":false,"template":"","format":"standard","meta":[],"categories":[13],"tags":[],"_links":{"self":[{"href":"https:\/\/www.judo-poznan.pl\/index.php?rest_route=\/wp\/v2\/posts\/7545"}],"collection":[{"href":"https:\/\/www.judo-poznan.pl\/index.php?rest_route=\/wp\/v2\/posts"}],"about":[{"href":"https:\/\/www.judo-poznan.pl\/index.php?rest_route=\/wp\/v2\/types\/post"}],"author":[{"embeddable":true,"href":"https:\/\/www.judo-poznan.pl\/index.php?rest_route=\/wp\/v2\/users\/4"}],"replies":[{"embeddable":true,"href":"https:\/\/www.judo-poznan.pl\/index.php?rest_route=%2Fwp%2Fv2%2Fcomments&post=7545"}],"version-history":[{"count":2,"href":"https:\/\/www.judo-poznan.pl\/index.php?rest_route=\/wp\/v2\/posts\/7545\/revisions"}],"predecessor-version":[{"id":7547,"href":"https:\/\/www.judo-poznan.pl\/index.php?rest_route=\/wp\/v2\/posts\/7545\/revisions\/7547"}],"wp:featuredmedia":[{"embeddable":true,"href":"https:\/\/www.judo-poznan.pl\/index.php?rest_route=\/wp\/v2\/media\/7527"}],"wp:attachment":[{"href":"https:\/\/www.judo-poznan.pl\/index.php?rest_route=%2Fwp%2Fv2%2Fmedia&parent=7545"}],"wp:term":[{"taxonomy":"category","embeddable":true,"href":"https:\/\/www.judo-poznan.pl\/index.php?rest_route=%2Fwp%2Fv2%2Fcategories&post=7545"},{"taxonomy":"post_tag","embeddable":true,"href":"https:\/\/www.judo-poznan.pl\/index.php?rest_route=%2Fwp%2Fv2%2Ftags&post=7545"}],"curies":[{"name":"wp","href":"https:\/\/api.w.org\/{rel}","templated":true}]}}